{"id":358,"date":"2021-04-23T08:00:54","date_gmt":"2021-04-23T06:00:54","guid":{"rendered":"http:\/\/islupsk.pl\/?p=358"},"modified":"2021-04-26T08:34:46","modified_gmt":"2021-04-26T06:34:46","slug":"trudne-mecze-grupy-sierleccy-czarni-slupsk","status":"publish","type":"post","link":"http:\/\/islupsk.pl\/index.php\/2021\/04\/23\/trudne-mecze-grupy-sierleccy-czarni-slupsk\/","title":{"rendered":"Trudne mecze Grupy Sierleccy Czarni S\u0142upsk"},"content":{"rendered":"<h2>Dwa pierwsze mecze p\u00f3\u0142fina\u0142\u00f3w Suzuki I ligi koszyk\u00f3wki m\u0119\u017cczyzn rozegraj\u0105 w sobot\u0119 i niedziel\u0119 koszykarze Grupy Sierleccy Czarni S\u0142upsk.<!--more--><\/h2>\n<p>Zagraj\u0105 z Rawlplug Soko\u0142em \u0141a\u0144cut. Mecze rozegrane zostan\u0105 o godz. 18 w sobot\u0119 i niedziel\u0119. Sok\u00f3\u0142 to zesp\u00f3\u0142, kt\u00f3ry jako jeden z nielicznych potrafi\u0142 pokona\u0107 s\u0142upszczan w rundzie zasadniczej. Wygra\u0142 w \u0141a\u0144cucie 86:77. To budzi respekt.<\/p>\n<p>Oba zespo\u0142y pami\u0119taj\u0105 tak\u017ce mecze o br\u0105zowy medal sprzed dw\u00f3ch lat, kiedy to jednak Czarni okazali si\u0119 lepsi i zdobyli trzeci stopie\u0144 podium. Teraz b\u0119dziemy mieli do czynienia ze starciem dw\u00f3ch r\u00f3wnorz\u0119dnych zespo\u0142\u00f3w, Sok\u00f3\u0142 po pocz\u0105tkowym s\u0142abszym starcie w lidze, konsekwentnie zgrywa\u0142 zesp\u00f3\u0142, gromadzi\u0142 punkty i pi\u0105\u0142 si\u0119 w g\u00f3r\u0119 tabeli.<\/p>\n<p>W \u0107wier\u0107fina\u0142ach pokona\u0142 GKS Tychy 3:1. Na tym etapie play off zespo\u0142y graj\u0105 do trzech wygranych. Kolejny mecz albo mecze odb\u0119d\u0105 si\u0119 w dniach 1, 2 maja w \u0141a\u0144cucie. Wygrany z tej pary w fina\u0142ach zmierzy si\u0119 z wygranym z pary G\u00f3rnik Wa\u0142brzych \u2013 WKK Wroc\u0142aw. Mecze w hali Gryfia transmitowane b\u0119d\u0105 w Radiu S\u0142upsku i na tvcom.pl.<\/p>\n<p>(AOK)<\/p>\n<p>Fot. Czarni To Wy<\/p>\n<p>&nbsp;<\/p>\n","protected":false},"excerpt":{"rendered":"<p>Dwa pierwsze mecze p\u00f3\u0142fina\u0142\u00f3w Suzuki I ligi koszyk\u00f3wki m\u0119\u017cczyzn rozegraj\u0105 w sobot\u0119 i niedziel\u0119 koszykarze Grupy Sierleccy Czarni S\u0142upsk.<\/p>\n","protected":false},"author":10,"featured_media":359,"comment_status":"open","ping_status":"open","sticky":false,"template":"","format":"standard","meta":{"footnotes":""},"categories":[11,10,5],"tags":[],"class_list":["post-358","post","type-post","status-publish","format-standard","has-post-thumbnail","hentry","category-najnowsze","category-sport","category-wiadomosci","entry"],"yoast_head":"<!-- This site is optimized with the Yoast SEO plugin v21.0 - https:\/\/yoast.com\/wordpress\/plugins\/seo\/ -->\n<title>Trudne mecze Grupy Sierleccy Czarni S\u0142upsk<\/title>\n<meta name=\"description\" content=\"Dwa pierwsze mecze p\u00f3\u0142fina\u0142\u00f3w Suzuki I ligi koszyk\u00f3wki m\u0119\u017cczyzn rozegraj\u0105 w sobot\u0119 i niedziel\u0119 koszykarze Grupy Sierleccy Czarni S\u0142upsk.\" \/>\n<meta name=\"robots\" content=\"index, follow, max-snippet:-1, max-image-preview:large, max-video-preview:-1\" \/>\n<link rel=\"canonical\" href=\"http:\/\/islupsk.pl\/index.php\/2021\/04\/23\/trudne-mecze-grupy-sierleccy-czarni-slupsk\/\" \/>\n<meta property=\"og:locale\" content=\"pl_PL\" \/>\n<meta property=\"og:type\" content=\"article\" \/>\n<meta property=\"og:title\" content=\"Trudne mecze Grupy Sierleccy Czarni S\u0142upsk\" \/>\n<meta property=\"og:description\" content=\"Dwa pierwsze mecze p\u00f3\u0142fina\u0142\u00f3w Suzuki I ligi koszyk\u00f3wki m\u0119\u017cczyzn rozegraj\u0105 w sobot\u0119 i niedziel\u0119 koszykarze Grupy Sierleccy Czarni S\u0142upsk.\" \/>\n<meta property=\"og:url\" content=\"http:\/\/islupsk.pl\/index.php\/2021\/04\/23\/trudne-mecze-grupy-sierleccy-czarni-slupsk\/\" \/>\n<meta property=\"og:site_name\" content=\"ISlupsk\" \/>\n<meta property=\"article:published_time\" content=\"2021-04-23T06:00:54+00:00\" \/>\n<meta property=\"article:modified_time\" content=\"2021-04-26T06:34:46+00:00\" \/>\n<meta property=\"og:image\" content=\"http:\/\/islupsk.pl\/wp-content\/uploads\/2021\/04\/czarni-zajawka.jpg\" \/>\n\t<meta property=\"og:image:width\" content=\"2048\" \/>\n\t<meta property=\"og:image:height\" content=\"1479\" \/>\n\t<meta property=\"og:image:type\" content=\"image\/jpeg\" \/>\n<meta name=\"author\" content=\"islupsk88\" \/>\n<meta name=\"twitter:card\" content=\"summary_large_image\" \/>\n<meta name=\"twitter:label1\" content=\"Napisane przez\" \/>\n\t<meta name=\"twitter:data1\" content=\"islupsk88\" \/>\n\t<meta name=\"twitter:label2\" content=\"Szacowany czas czytania\" \/>\n\t<meta name=\"twitter:data2\" content=\"1 minuta\" \/>\n<script type=\"application\/ld+json\" class=\"yoast-schema-graph\">{\"@context\":\"https:\/\/schema.org\",\"@graph\":[{\"@type\":\"WebPage\",\"@id\":\"http:\/\/islupsk.pl\/index.php\/2021\/04\/23\/trudne-mecze-grupy-sierleccy-czarni-slupsk\/\",\"url\":\"http:\/\/islupsk.pl\/index.php\/2021\/04\/23\/trudne-mecze-grupy-sierleccy-czarni-slupsk\/\",\"name\":\"Trudne mecze Grupy Sierleccy Czarni S\u0142upsk\",\"isPartOf\":{\"@id\":\"http:\/\/islupsk.pl\/#website\"},\"datePublished\":\"2021-04-23T06:00:54+00:00\",\"dateModified\":\"2021-04-26T06:34:46+00:00\",\"author\":{\"@id\":\"http:\/\/islupsk.pl\/#\/schema\/person\/2a5a06cb4697d851b5ae5c89b19816f0\"},\"description\":\"Dwa pierwsze mecze p\u00f3\u0142fina\u0142\u00f3w Suzuki I ligi koszyk\u00f3wki m\u0119\u017cczyzn rozegraj\u0105 w sobot\u0119 i niedziel\u0119 koszykarze Grupy Sierleccy Czarni S\u0142upsk.\",\"breadcrumb\":{\"@id\":\"http:\/\/islupsk.pl\/index.php\/2021\/04\/23\/trudne-mecze-grupy-sierleccy-czarni-slupsk\/#breadcrumb\"},\"inLanguage\":\"pl-PL\",\"potentialAction\":[{\"@type\":\"ReadAction\",\"target\":[\"http:\/\/islupsk.pl\/index.php\/2021\/04\/23\/trudne-mecze-grupy-sierleccy-czarni-slupsk\/\"]}]},{\"@type\":\"BreadcrumbList\",\"@id\":\"http:\/\/islupsk.pl\/index.php\/2021\/04\/23\/trudne-mecze-grupy-sierleccy-czarni-slupsk\/#breadcrumb\",\"itemListElement\":[{\"@type\":\"ListItem\",\"position\":1,\"name\":\"Strona g\u0142\u00f3wna\",\"item\":\"http:\/\/islupsk.pl\/\"},{\"@type\":\"ListItem\",\"position\":2,\"name\":\"Trudne mecze Grupy Sierleccy Czarni S\u0142upsk\"}]},{\"@type\":\"WebSite\",\"@id\":\"http:\/\/islupsk.pl\/#website\",\"url\":\"http:\/\/islupsk.pl\/\",\"name\":\"ISlupsk\",\"description\":\"Lokalny serwis informacyjny miasta S\u0142upsk\",\"potentialAction\":[{\"@type\":\"SearchAction\",\"target\":{\"@type\":\"EntryPoint\",\"urlTemplate\":\"http:\/\/islupsk.pl\/?s={search_term_string}\"},\"query-input\":\"required name=search_term_string\"}],\"inLanguage\":\"pl-PL\"},{\"@type\":\"Person\",\"@id\":\"http:\/\/islupsk.pl\/#\/schema\/person\/2a5a06cb4697d851b5ae5c89b19816f0\",\"name\":\"islupsk88\",\"image\":{\"@type\":\"ImageObject\",\"inLanguage\":\"pl-PL\",\"@id\":\"http:\/\/islupsk.pl\/#\/schema\/person\/image\/\",\"url\":\"https:\/\/secure.gravatar.com\/avatar\/9b800289e288b9904cce9de86a8e5c9ef2559c3af828a4013bacb1638216a335?s=96&d=mm&r=g\",\"contentUrl\":\"https:\/\/secure.gravatar.com\/avatar\/9b800289e288b9904cce9de86a8e5c9ef2559c3af828a4013bacb1638216a335?s=96&d=mm&r=g\",\"caption\":\"islupsk88\"},\"url\":\"http:\/\/islupsk.pl\/index.php\/author\/islupsk88\/\"}]}<\/script>\n<!-- \/ Yoast SEO plugin. -->","yoast_head_json":{"title":"Trudne mecze Grupy Sierleccy Czarni S\u0142upsk","description":"Dwa pierwsze mecze p\u00f3\u0142fina\u0142\u00f3w Suzuki I ligi koszyk\u00f3wki m\u0119\u017cczyzn rozegraj\u0105 w sobot\u0119 i niedziel\u0119 koszykarze Grupy Sierleccy Czarni S\u0142upsk.","robots":{"index":"index","follow":"follow","max-snippet":"max-snippet:-1","max-image-preview":"max-image-preview:large","max-video-preview":"max-video-preview:-1"},"canonical":"http:\/\/islupsk.pl\/index.php\/2021\/04\/23\/trudne-mecze-grupy-sierleccy-czarni-slupsk\/","og_locale":"pl_PL","og_type":"article","og_title":"Trudne mecze Grupy Sierleccy Czarni S\u0142upsk","og_description":"Dwa pierwsze mecze p\u00f3\u0142fina\u0142\u00f3w Suzuki I ligi koszyk\u00f3wki m\u0119\u017cczyzn rozegraj\u0105 w sobot\u0119 i niedziel\u0119 koszykarze Grupy Sierleccy Czarni S\u0142upsk.","og_url":"http:\/\/islupsk.pl\/index.php\/2021\/04\/23\/trudne-mecze-grupy-sierleccy-czarni-slupsk\/","og_site_name":"ISlupsk","article_published_time":"2021-04-23T06:00:54+00:00","article_modified_time":"2021-04-26T06:34:46+00:00","og_image":[{"width":2048,"height":1479,"url":"http:\/\/islupsk.pl\/wp-content\/uploads\/2021\/04\/czarni-zajawka.jpg","type":"image\/jpeg"}],"author":"islupsk88","twitter_card":"summary_large_image","twitter_misc":{"Napisane przez":"islupsk88","Szacowany czas czytania":"1 minuta"},"schema":{"@context":"https:\/\/schema.org","@graph":[{"@type":"WebPage","@id":"http:\/\/islupsk.pl\/index.php\/2021\/04\/23\/trudne-mecze-grupy-sierleccy-czarni-slupsk\/","url":"http:\/\/islupsk.pl\/index.php\/2021\/04\/23\/trudne-mecze-grupy-sierleccy-czarni-slupsk\/","name":"Trudne mecze Grupy Sierleccy Czarni S\u0142upsk","isPartOf":{"@id":"http:\/\/islupsk.pl\/#website"},"datePublished":"2021-04-23T06:00:54+00:00","dateModified":"2021-04-26T06:34:46+00:00","author":{"@id":"http:\/\/islupsk.pl\/#\/schema\/person\/2a5a06cb4697d851b5ae5c89b19816f0"},"description":"Dwa pierwsze mecze p\u00f3\u0142fina\u0142\u00f3w Suzuki I ligi koszyk\u00f3wki m\u0119\u017cczyzn rozegraj\u0105 w sobot\u0119 i niedziel\u0119 koszykarze Grupy Sierleccy Czarni S\u0142upsk.","breadcrumb":{"@id":"http:\/\/islupsk.pl\/index.php\/2021\/04\/23\/trudne-mecze-grupy-sierleccy-czarni-slupsk\/#breadcrumb"},"inLanguage":"pl-PL","potentialAction":[{"@type":"ReadAction","target":["http:\/\/islupsk.pl\/index.php\/2021\/04\/23\/trudne-mecze-grupy-sierleccy-czarni-slupsk\/"]}]},{"@type":"BreadcrumbList","@id":"http:\/\/islupsk.pl\/index.php\/2021\/04\/23\/trudne-mecze-grupy-sierleccy-czarni-slupsk\/#breadcrumb","itemListElement":[{"@type":"ListItem","position":1,"name":"Strona g\u0142\u00f3wna","item":"http:\/\/islupsk.pl\/"},{"@type":"ListItem","position":2,"name":"Trudne mecze Grupy Sierleccy Czarni S\u0142upsk"}]},{"@type":"WebSite","@id":"http:\/\/islupsk.pl\/#website","url":"http:\/\/islupsk.pl\/","name":"ISlupsk","description":"Lokalny serwis informacyjny miasta S\u0142upsk","potentialAction":[{"@type":"SearchAction","target":{"@type":"EntryPoint","urlTemplate":"http:\/\/islupsk.pl\/?s={search_term_string}"},"query-input":"required name=search_term_string"}],"inLanguage":"pl-PL"},{"@type":"Person","@id":"http:\/\/islupsk.pl\/#\/schema\/person\/2a5a06cb4697d851b5ae5c89b19816f0","name":"islupsk88","image":{"@type":"ImageObject","inLanguage":"pl-PL","@id":"http:\/\/islupsk.pl\/#\/schema\/person\/image\/","url":"https:\/\/secure.gravatar.com\/avatar\/9b800289e288b9904cce9de86a8e5c9ef2559c3af828a4013bacb1638216a335?s=96&d=mm&r=g","contentUrl":"https:\/\/secure.gravatar.com\/avatar\/9b800289e288b9904cce9de86a8e5c9ef2559c3af828a4013bacb1638216a335?s=96&d=mm&r=g","caption":"islupsk88"},"url":"http:\/\/islupsk.pl\/index.php\/author\/islupsk88\/"}]}},"_links":{"self":[{"href":"http:\/\/islupsk.pl\/index.php\/wp-json\/wp\/v2\/posts\/358","targetHints":{"allow":["GET"]}}],"collection":[{"href":"http:\/\/islupsk.pl\/index.php\/wp-json\/wp\/v2\/posts"}],"about":[{"href":"http:\/\/islupsk.pl\/index.php\/wp-json\/wp\/v2\/types\/post"}],"author":[{"embeddable":true,"href":"http:\/\/islupsk.pl\/index.php\/wp-json\/wp\/v2\/users\/10"}],"replies":[{"embeddable":true,"href":"http:\/\/islupsk.pl\/index.php\/wp-json\/wp\/v2\/comments?post=358"}],"version-history":[{"count":1,"href":"http:\/\/islupsk.pl\/index.php\/wp-json\/wp\/v2\/posts\/358\/revisions"}],"predecessor-version":[{"id":360,"href":"http:\/\/islupsk.pl\/index.php\/wp-json\/wp\/v2\/posts\/358\/revisions\/360"}],"wp:featuredmedia":[{"embeddable":true,"href":"http:\/\/islupsk.pl\/index.php\/wp-json\/wp\/v2\/media\/359"}],"wp:attachment":[{"href":"http:\/\/islupsk.pl\/index.php\/wp-json\/wp\/v2\/media?parent=358"}],"wp:term":[{"taxonomy":"category","embeddable":true,"href":"http:\/\/islupsk.pl\/index.php\/wp-json\/wp\/v2\/categories?post=358"},{"taxonomy":"post_tag","embeddable":true,"href":"http:\/\/islupsk.pl\/index.php\/wp-json\/wp\/v2\/tags?post=358"}],"curies":[{"name":"wp","href":"https:\/\/api.w.org\/{rel}","templated":true}]}}