{"id":397,"date":"2021-05-21T10:33:50","date_gmt":"2021-05-21T08:33:50","guid":{"rendered":"http:\/\/islupsk.pl\/?p=397"},"modified":"2021-05-21T10:33:50","modified_gmt":"2021-05-21T08:33:50","slug":"okradli-slupska-szkole-zatrzymala-ich-policja","status":"publish","type":"post","link":"http:\/\/islupsk.pl\/index.php\/2021\/05\/21\/okradli-slupska-szkole-zatrzymala-ich-policja\/","title":{"rendered":"Okradli s\u0142upsk\u0105 szko\u0142\u0119. Zatrzyma\u0142a ich policja"},"content":{"rendered":"<div class=\"head\">\n<h2>S\u0142upscy policjanci zatrzymali 21-latka i 25-latka, kt\u00f3rzy byli podejrzani o kradzie\u017c z w\u0142amaniem do jednej ze szk\u00f3\u0142 w S\u0142upsku.<\/h2>\n<p>Policjanci przedstawili m\u0119\u017cczyznom zarzuty kradzie\u017cy z w\u0142amaniem. To przest\u0119pstwo zagro\u017cone jest kar\u0105 do 10 lat pozbawienia wolno\u015bci. Wyrazy uznania policjantom przekaza\u0142a osobi\u015bcie i pisemnie Pani dyrektor szko\u0142y.<\/p>\n<\/div>\n<p>10 maja br. dy\u017curny s\u0142upskiej policji otrzyma\u0142 zg\u0142oszenie dotycz\u0105ce kradzie\u017cy z w\u0142amaniem do jednej ze szk\u00f3\u0142 na terenie S\u0142upska. Policjanci, kt\u00f3rzy pojechali na miejsce, ustalili, \u017ce sprawcy po uprzednim w\u0142amaniu ukradli sprz\u0119t, znajduj\u0105cy si\u0119 w pracowni lekcyjnej o warto\u015bci kilkudziesi\u0119ciu tysi\u0119cy z\u0142otych. Funkcjonariusze zabezpieczyli miejsce zdarzenia, zrobili ogl\u0119dziny, zdj\u0119cia, zabezpieczyli \u015blady, monitoring i przes\u0142uchali \u015bwiadk\u00f3w. Szczeg\u00f3\u0142owa analiza uzyskanych informacji pozwoli\u0142a na wytypowanie sprawc\u00f3w tego przest\u0119pstwa. Sprawne dzia\u0142anie policjant\u00f3w doprowadzi\u0142o do szybkiego zatrzymania obydwu podejrzanych.<\/p>\n<p>W trakcie czynno\u015bci z udzia\u0142em podejrzanych policjanci ustalili miejsce ukrycia skradzionych przedmiot\u00f3w. Dok\u0142adne przeszukanie doprowadzi\u0142o do odzyskania cz\u0119\u015bci ukradzionego sprz\u0119tu i zabezpieczenia go. M\u0119\u017cczy\u017ani przyznali si\u0119 do pope\u0142nionego przest\u0119pstwa. Grozi im do 10 lat wi\u0119zienia.<\/p>\n<p>\u201eDzi\u0119kuj\u0119 za opanowanie, rzeczowe podej\u015bcie do sprawy oraz za okazan\u0105 mi empati\u0119 w tej trudnej dla mnie sytuacji. Dodatkowe poczucie wsparcia i \u017cyczliwo\u015bci sprawi\u0142o, \u017ce ta trudna emocjonalnie dla mnie sytuacja, przesta\u0142a by\u0107 tak nieprzyjemna. Jestem pewna, \u017ce dzi\u0119ki takim funkcjonariuszom spo\u0142ecze\u0144stwo mo\u017ce czu\u0107 si\u0119 bezpiecznie\u201d-m.in. tymi s\u0142owami pisemnie i osobi\u015bcie zaanga\u017cowanym w spraw\u0119 policjantom podzi\u0119kowa\u0142a Pani Aleksandra Tara\u015bkiewicz-Dyrektor Oddzia\u0142u TEB Edukacja w S\u0142upsku.<\/p>\n","protected":false},"excerpt":{"rendered":"<p>S\u0142upscy policjanci zatrzymali 21-latka i 25-latka, kt\u00f3rzy byli podejrzani o kradzie\u017c z w\u0142amaniem do jednej ze szk\u00f3\u0142 w S\u0142upsku. Policjanci przedstawili m\u0119\u017cczyznom zarzuty kradzie\u017cy z w\u0142amaniem. To przest\u0119pstwo zagro\u017cone jest &hellip; <\/p>\n<p class=\"link-more\"><a href=\"http:\/\/islupsk.pl\/index.php\/2021\/05\/21\/okradli-slupska-szkole-zatrzymala-ich-policja\/\" class=\"more-link\">Czytaj dalej<span class=\"screen-reader-text\"> \u201eOkradli s\u0142upsk\u0105 szko\u0142\u0119. Zatrzyma\u0142a ich policja\u201d<\/span><\/a><\/p>\n","protected":false},"author":10,"featured_media":398,"comment_status":"open","ping_status":"open","sticky":false,"template":"","format":"standard","meta":{"footnotes":""},"categories":[12,11,5],"tags":[],"class_list":["post-397","post","type-post","status-publish","format-standard","has-post-thumbnail","hentry","category-kronikapolicyjna","category-najnowsze","category-wiadomosci","entry"],"yoast_head":"<!-- This site is optimized with the Yoast SEO plugin v21.0 - https:\/\/yoast.com\/wordpress\/plugins\/seo\/ -->\n<title>Okradli s\u0142upsk\u0105 szko\u0142\u0119. Zatrzyma\u0142a ich policja<\/title>\n<meta name=\"description\" content=\"S\u0142upscy policjanci zatrzymali 21-latka i 25-latka, kt\u00f3rzy byli podejrzani o kradzie\u017c z w\u0142amaniem do jednej ze szk\u00f3\u0142 w S\u0142upsku.\" \/>\n<meta name=\"robots\" content=\"index, follow, max-snippet:-1, max-image-preview:large, max-video-preview:-1\" \/>\n<link rel=\"canonical\" href=\"http:\/\/islupsk.pl\/index.php\/2021\/05\/21\/okradli-slupska-szkole-zatrzymala-ich-policja\/\" \/>\n<meta property=\"og:locale\" content=\"pl_PL\" \/>\n<meta property=\"og:type\" content=\"article\" \/>\n<meta property=\"og:title\" content=\"Okradli s\u0142upsk\u0105 szko\u0142\u0119. Zatrzyma\u0142a ich policja\" \/>\n<meta property=\"og:description\" content=\"S\u0142upscy policjanci zatrzymali 21-latka i 25-latka, kt\u00f3rzy byli podejrzani o kradzie\u017c z w\u0142amaniem do jednej ze szk\u00f3\u0142 w S\u0142upsku.\" \/>\n<meta property=\"og:url\" content=\"http:\/\/islupsk.pl\/index.php\/2021\/05\/21\/okradli-slupska-szkole-zatrzymala-ich-policja\/\" \/>\n<meta property=\"og:site_name\" content=\"ISlupsk\" \/>\n<meta property=\"article:published_time\" content=\"2021-05-21T08:33:50+00:00\" \/>\n<meta property=\"og:image\" content=\"http:\/\/islupsk.pl\/wp-content\/uploads\/2021\/05\/szkola-policja.jpg\" \/>\n\t<meta property=\"og:image:width\" content=\"800\" \/>\n\t<meta property=\"og:image:height\" content=\"600\" \/>\n\t<meta property=\"og:image:type\" content=\"image\/jpeg\" \/>\n<meta name=\"author\" content=\"islupsk88\" \/>\n<meta name=\"twitter:card\" content=\"summary_large_image\" \/>\n<meta name=\"twitter:label1\" content=\"Napisane przez\" \/>\n\t<meta name=\"twitter:data1\" content=\"islupsk88\" \/>\n\t<meta name=\"twitter:label2\" content=\"Szacowany czas czytania\" \/>\n\t<meta name=\"twitter:data2\" content=\"1 minuta\" \/>\n<script type=\"application\/ld+json\" class=\"yoast-schema-graph\">{\"@context\":\"https:\/\/schema.org\",\"@graph\":[{\"@type\":\"WebPage\",\"@id\":\"http:\/\/islupsk.pl\/index.php\/2021\/05\/21\/okradli-slupska-szkole-zatrzymala-ich-policja\/\",\"url\":\"http:\/\/islupsk.pl\/index.php\/2021\/05\/21\/okradli-slupska-szkole-zatrzymala-ich-policja\/\",\"name\":\"Okradli s\u0142upsk\u0105 szko\u0142\u0119. Zatrzyma\u0142a ich policja\",\"isPartOf\":{\"@id\":\"http:\/\/islupsk.pl\/#website\"},\"datePublished\":\"2021-05-21T08:33:50+00:00\",\"dateModified\":\"2021-05-21T08:33:50+00:00\",\"author\":{\"@id\":\"http:\/\/islupsk.pl\/#\/schema\/person\/2a5a06cb4697d851b5ae5c89b19816f0\"},\"description\":\"S\u0142upscy policjanci zatrzymali 21-latka i 25-latka, kt\u00f3rzy byli podejrzani o kradzie\u017c z w\u0142amaniem do jednej ze szk\u00f3\u0142 w S\u0142upsku.\",\"breadcrumb\":{\"@id\":\"http:\/\/islupsk.pl\/index.php\/2021\/05\/21\/okradli-slupska-szkole-zatrzymala-ich-policja\/#breadcrumb\"},\"inLanguage\":\"pl-PL\",\"potentialAction\":[{\"@type\":\"ReadAction\",\"target\":[\"http:\/\/islupsk.pl\/index.php\/2021\/05\/21\/okradli-slupska-szkole-zatrzymala-ich-policja\/\"]}]},{\"@type\":\"BreadcrumbList\",\"@id\":\"http:\/\/islupsk.pl\/index.php\/2021\/05\/21\/okradli-slupska-szkole-zatrzymala-ich-policja\/#breadcrumb\",\"itemListElement\":[{\"@type\":\"ListItem\",\"position\":1,\"name\":\"Strona g\u0142\u00f3wna\",\"item\":\"http:\/\/islupsk.pl\/\"},{\"@type\":\"ListItem\",\"position\":2,\"name\":\"Okradli s\u0142upsk\u0105 szko\u0142\u0119. Zatrzyma\u0142a ich policja\"}]},{\"@type\":\"WebSite\",\"@id\":\"http:\/\/islupsk.pl\/#website\",\"url\":\"http:\/\/islupsk.pl\/\",\"name\":\"ISlupsk\",\"description\":\"Lokalny serwis informacyjny miasta S\u0142upsk\",\"potentialAction\":[{\"@type\":\"SearchAction\",\"target\":{\"@type\":\"EntryPoint\",\"urlTemplate\":\"http:\/\/islupsk.pl\/?s={search_term_string}\"},\"query-input\":\"required name=search_term_string\"}],\"inLanguage\":\"pl-PL\"},{\"@type\":\"Person\",\"@id\":\"http:\/\/islupsk.pl\/#\/schema\/person\/2a5a06cb4697d851b5ae5c89b19816f0\",\"name\":\"islupsk88\",\"image\":{\"@type\":\"ImageObject\",\"inLanguage\":\"pl-PL\",\"@id\":\"http:\/\/islupsk.pl\/#\/schema\/person\/image\/\",\"url\":\"https:\/\/secure.gravatar.com\/avatar\/9b800289e288b9904cce9de86a8e5c9ef2559c3af828a4013bacb1638216a335?s=96&d=mm&r=g\",\"contentUrl\":\"https:\/\/secure.gravatar.com\/avatar\/9b800289e288b9904cce9de86a8e5c9ef2559c3af828a4013bacb1638216a335?s=96&d=mm&r=g\",\"caption\":\"islupsk88\"},\"url\":\"http:\/\/islupsk.pl\/index.php\/author\/islupsk88\/\"}]}<\/script>\n<!-- \/ Yoast SEO plugin. -->","yoast_head_json":{"title":"Okradli s\u0142upsk\u0105 szko\u0142\u0119. Zatrzyma\u0142a ich policja","description":"S\u0142upscy policjanci zatrzymali 21-latka i 25-latka, kt\u00f3rzy byli podejrzani o kradzie\u017c z w\u0142amaniem do jednej ze szk\u00f3\u0142 w S\u0142upsku.","robots":{"index":"index","follow":"follow","max-snippet":"max-snippet:-1","max-image-preview":"max-image-preview:large","max-video-preview":"max-video-preview:-1"},"canonical":"http:\/\/islupsk.pl\/index.php\/2021\/05\/21\/okradli-slupska-szkole-zatrzymala-ich-policja\/","og_locale":"pl_PL","og_type":"article","og_title":"Okradli s\u0142upsk\u0105 szko\u0142\u0119. Zatrzyma\u0142a ich policja","og_description":"S\u0142upscy policjanci zatrzymali 21-latka i 25-latka, kt\u00f3rzy byli podejrzani o kradzie\u017c z w\u0142amaniem do jednej ze szk\u00f3\u0142 w S\u0142upsku.","og_url":"http:\/\/islupsk.pl\/index.php\/2021\/05\/21\/okradli-slupska-szkole-zatrzymala-ich-policja\/","og_site_name":"ISlupsk","article_published_time":"2021-05-21T08:33:50+00:00","og_image":[{"width":800,"height":600,"url":"http:\/\/islupsk.pl\/wp-content\/uploads\/2021\/05\/szkola-policja.jpg","type":"image\/jpeg"}],"author":"islupsk88","twitter_card":"summary_large_image","twitter_misc":{"Napisane przez":"islupsk88","Szacowany czas czytania":"1 minuta"},"schema":{"@context":"https:\/\/schema.org","@graph":[{"@type":"WebPage","@id":"http:\/\/islupsk.pl\/index.php\/2021\/05\/21\/okradli-slupska-szkole-zatrzymala-ich-policja\/","url":"http:\/\/islupsk.pl\/index.php\/2021\/05\/21\/okradli-slupska-szkole-zatrzymala-ich-policja\/","name":"Okradli s\u0142upsk\u0105 szko\u0142\u0119. Zatrzyma\u0142a ich policja","isPartOf":{"@id":"http:\/\/islupsk.pl\/#website"},"datePublished":"2021-05-21T08:33:50+00:00","dateModified":"2021-05-21T08:33:50+00:00","author":{"@id":"http:\/\/islupsk.pl\/#\/schema\/person\/2a5a06cb4697d851b5ae5c89b19816f0"},"description":"S\u0142upscy policjanci zatrzymali 21-latka i 25-latka, kt\u00f3rzy byli podejrzani o kradzie\u017c z w\u0142amaniem do jednej ze szk\u00f3\u0142 w S\u0142upsku.","breadcrumb":{"@id":"http:\/\/islupsk.pl\/index.php\/2021\/05\/21\/okradli-slupska-szkole-zatrzymala-ich-policja\/#breadcrumb"},"inLanguage":"pl-PL","potentialAction":[{"@type":"ReadAction","target":["http:\/\/islupsk.pl\/index.php\/2021\/05\/21\/okradli-slupska-szkole-zatrzymala-ich-policja\/"]}]},{"@type":"BreadcrumbList","@id":"http:\/\/islupsk.pl\/index.php\/2021\/05\/21\/okradli-slupska-szkole-zatrzymala-ich-policja\/#breadcrumb","itemListElement":[{"@type":"ListItem","position":1,"name":"Strona g\u0142\u00f3wna","item":"http:\/\/islupsk.pl\/"},{"@type":"ListItem","position":2,"name":"Okradli s\u0142upsk\u0105 szko\u0142\u0119. Zatrzyma\u0142a ich policja"}]},{"@type":"WebSite","@id":"http:\/\/islupsk.pl\/#website","url":"http:\/\/islupsk.pl\/","name":"ISlupsk","description":"Lokalny serwis informacyjny miasta S\u0142upsk","potentialAction":[{"@type":"SearchAction","target":{"@type":"EntryPoint","urlTemplate":"http:\/\/islupsk.pl\/?s={search_term_string}"},"query-input":"required name=search_term_string"}],"inLanguage":"pl-PL"},{"@type":"Person","@id":"http:\/\/islupsk.pl\/#\/schema\/person\/2a5a06cb4697d851b5ae5c89b19816f0","name":"islupsk88","image":{"@type":"ImageObject","inLanguage":"pl-PL","@id":"http:\/\/islupsk.pl\/#\/schema\/person\/image\/","url":"https:\/\/secure.gravatar.com\/avatar\/9b800289e288b9904cce9de86a8e5c9ef2559c3af828a4013bacb1638216a335?s=96&d=mm&r=g","contentUrl":"https:\/\/secure.gravatar.com\/avatar\/9b800289e288b9904cce9de86a8e5c9ef2559c3af828a4013bacb1638216a335?s=96&d=mm&r=g","caption":"islupsk88"},"url":"http:\/\/islupsk.pl\/index.php\/author\/islupsk88\/"}]}},"_links":{"self":[{"href":"http:\/\/islupsk.pl\/index.php\/wp-json\/wp\/v2\/posts\/397","targetHints":{"allow":["GET"]}}],"collection":[{"href":"http:\/\/islupsk.pl\/index.php\/wp-json\/wp\/v2\/posts"}],"about":[{"href":"http:\/\/islupsk.pl\/index.php\/wp-json\/wp\/v2\/types\/post"}],"author":[{"embeddable":true,"href":"http:\/\/islupsk.pl\/index.php\/wp-json\/wp\/v2\/users\/10"}],"replies":[{"embeddable":true,"href":"http:\/\/islupsk.pl\/index.php\/wp-json\/wp\/v2\/comments?post=397"}],"version-history":[{"count":1,"href":"http:\/\/islupsk.pl\/index.php\/wp-json\/wp\/v2\/posts\/397\/revisions"}],"predecessor-version":[{"id":399,"href":"http:\/\/islupsk.pl\/index.php\/wp-json\/wp\/v2\/posts\/397\/revisions\/399"}],"wp:featuredmedia":[{"embeddable":true,"href":"http:\/\/islupsk.pl\/index.php\/wp-json\/wp\/v2\/media\/398"}],"wp:attachment":[{"href":"http:\/\/islupsk.pl\/index.php\/wp-json\/wp\/v2\/media?parent=397"}],"wp:term":[{"taxonomy":"category","embeddable":true,"href":"http:\/\/islupsk.pl\/index.php\/wp-json\/wp\/v2\/categories?post=397"},{"taxonomy":"post_tag","embeddable":true,"href":"http:\/\/islupsk.pl\/index.php\/wp-json\/wp\/v2\/tags?post=397"}],"curies":[{"name":"wp","href":"https:\/\/api.w.org\/{rel}","templated":true}]}}